{"id":2209,"date":"2023-06-29T16:25:06","date_gmt":"2023-06-29T19:25:06","guid":{"rendered":"http:\/\/secyt.unf.edu.ar\/?p=2209"},"modified":"2023-06-29T16:25:40","modified_gmt":"2023-06-29T19:25:40","slug":"el-doctor-juan-patricio-nogueira-fue-electo-nuevo-presidente-de-fasen","status":"publish","type":"post","link":"https:\/\/secyt.unf.edu.ar\/?p=2209","title":{"rendered":"El Doctor Nogueira fue electo nuevo presidente de FASEN"},"content":{"rendered":"<p style=\"text-align: justify;\"><strong>El secretario general de Ciencia y Tecnolog\u00eda de la UNaF, Juan Patricio Nogueira, m\u00e9dico endocrin\u00f3logo formose\u00f1o de renombre internacional, fue electo como nuevo presidente de la Federaci\u00f3n Argentina de Sociedades de Endocrinolog\u00eda (FASEN)<\/strong><\/p>\n<p style=\"text-align: justify;\"><a href=\"https:\/\/secyt.unf.edu.ar\/wp-content\/uploads\/2023\/06\/Nogueira.jpg\"><img loading=\"lazy\" decoding=\"async\" class=\"aligncenter size-full wp-image-2210\" src=\"https:\/\/secyt.unf.edu.ar\/wp-content\/uploads\/2023\/06\/Nogueira.jpg\" alt=\"Nogueira\" width=\"1050\" height=\"1050\" srcset=\"https:\/\/secyt.unf.edu.ar\/wp-content\/uploads\/2023\/06\/Nogueira.jpg 1050w, https:\/\/secyt.unf.edu.ar\/wp-content\/uploads\/2023\/06\/Nogueira-150x150.jpg 150w, https:\/\/secyt.unf.edu.ar\/wp-content\/uploads\/2023\/06\/Nogueira-300x300.jpg 300w, https:\/\/secyt.unf.edu.ar\/wp-content\/uploads\/2023\/06\/Nogueira-1024x1024.jpg 1024w, https:\/\/secyt.unf.edu.ar\/wp-content\/uploads\/2023\/06\/Nogueira-100x100.jpg 100w, https:\/\/secyt.unf.edu.ar\/wp-content\/uploads\/2023\/06\/Nogueira-700x700.jpg 700w\" sizes=\"(max-width: 1050px) 100vw, 1050px\" \/><\/a><\/p>\n<p style=\"text-align: justify;\">FASEN es la entidad que re\u00fane a las Sociedades de Endocrinolog\u00eda de todo el pa\u00eds. Sus objetivos son lograr el acercamiento e intercambio de conocimientos entre las filiales que la componen.<\/p>\n<p style=\"text-align: justify;\">Durante su gesti\u00f3n que inici\u00f3 el pasado 8 de junio y durar\u00e1 dos a\u00f1os, Nogueira estar\u00e1 acompa\u00f1ado por los siguientes integrantes de la comisi\u00f3n directiva: Vicepresidente: Luis Agust\u00edn Ram\u00edrez Stieben (Rosario), Secretaria: Cecilia Carrizo (C\u00f3rdoba), Pro-secretaria: Estefan\u00eda Pustilnik (Rosario), Tesorero: Rub\u00e9n Lutfi (CABA), Protesorero: Horacio Rojas (Formosa), Vocales titulares: Pablo Ferrada (Mendoza), Andrea Amaro (La Plata), Romina L\u00f3pez (Salta), Vocales suplentes: Graciela Zanotto (Bahia Blanca), Cintia Abate (La Pampa), Miembros de Junta Fiscalizadora: Marcos Ferreyra (Santiago del Estero), Marisa Asano (Chaco-Corrientes), Miembros de Junta Fiscalizadora Suplente, Lucia Bonetto Gonz\u00e1lez (Jujuy) y Claudia \u00c1vila (Patagonia Austral)<\/p>\n<p style=\"text-align: justify;\">\u00a0<strong>Mini bio<\/strong><\/p>\n<p style=\"text-align: justify;\">Juan Patricio Nogueira es Doctor en Medicina, especialista en Endocrinolog\u00eda, Diabetes y Metabolismo por la Universidad Nacional de C\u00f3rdoba. Fue presidente de la Sociedad Argentina de L\u00edpidos. Actualmente, es Investigador Adjunto del CONICET y docente de la Facultad de Ciencias de la Salud de la Universidad Nacional de Formosa, donde se desempe\u00f1a como profesor asociado. Es miembro de la Red Iberoamericana de hipercolesterolemia Familiar, Doctor en Ciencias en Nutrici\u00f3n Humana por la Aix-Marseille University, Universit\u00e9 de la M\u00e9diterran\u00e9e, siendo sus temas de especialidad: Relaci\u00f3n fenotipo &#8211; genotipo y espectro de variantes gen\u00e9ticas en pacientes con Hipertrigliceridemia Severa en la poblaci\u00f3n argentina<\/p>\n<p style=\"text-align: justify;\">Recientemente, estuvo form\u00e1ndose en la t\u00e9cnica de Clamp en el Departamento de H\u00edgado graso y Diabetes, dependiente del Instituto de Investigaciones Cl\u00ednicas de la Universidad de Florida (USA), bajo la direcci\u00f3n del Profesor Keneth Cusi.<\/p>\n<p>&nbsp;<\/p>\n","protected":false},"excerpt":{"rendered":"<p>El secretario general de Ciencia y Tecnolog\u00eda de la UNaF, Juan Patricio Nogueira, m\u00e9dico endocrin\u00f3logo formose\u00f1o de renombre internacional, fue electo como nuevo presidente de la Federaci\u00f3n Argentina de Sociedades de Endocrinolog\u00eda (FASEN) FASEN es la entidad que re\u00fane a las Sociedades de Endocrinolog\u00eda de todo el pa\u00eds. Sus objetivos &#8230;<\/p>\n","protected":false},"author":2,"featured_media":2210,"comment_status":"open","ping_status":"open","sticky":false,"template":"","format":"image","meta":{"footnotes":""},"categories":[5],"tags":[],"_links":{"self":[{"href":"https:\/\/secyt.unf.edu.ar\/index.php?rest_route=\/wp\/v2\/posts\/2209"}],"collection":[{"href":"https:\/\/secyt.unf.edu.ar\/index.php?rest_route=\/wp\/v2\/posts"}],"about":[{"href":"https:\/\/secyt.unf.edu.ar\/index.php?rest_route=\/wp\/v2\/types\/post"}],"author":[{"embeddable":true,"href":"https:\/\/secyt.unf.edu.ar\/index.php?rest_route=\/wp\/v2\/users\/2"}],"replies":[{"embeddable":true,"href":"https:\/\/secyt.unf.edu.ar\/index.php?rest_route=%2Fwp%2Fv2%2Fcomments&post=2209"}],"version-history":[{"count":2,"href":"https:\/\/secyt.unf.edu.ar\/index.php?rest_route=\/wp\/v2\/posts\/2209\/revisions"}],"predecessor-version":[{"id":2212,"href":"https:\/\/secyt.unf.edu.ar\/index.php?rest_route=\/wp\/v2\/posts\/2209\/revisions\/2212"}],"wp:featuredmedia":[{"embeddable":true,"href":"https:\/\/secyt.unf.edu.ar\/index.php?rest_route=\/wp\/v2\/media\/2210"}],"wp:attachment":[{"href":"https:\/\/secyt.unf.edu.ar\/index.php?rest_route=%2Fwp%2Fv2%2Fmedia&parent=2209"}],"wp:term":[{"taxonomy":"category","embeddable":true,"href":"https:\/\/secyt.unf.edu.ar\/index.php?rest_route=%2Fwp%2Fv2%2Fcategories&post=2209"},{"taxonomy":"post_tag","embeddable":true,"href":"https:\/\/secyt.unf.edu.ar\/index.php?rest_route=%2Fwp%2Fv2%2Ftags&post=2209"}],"curies":[{"name":"wp","href":"https:\/\/api.w.org\/{rel}","templated":true}]}}