{"id":2290,"date":"2024-05-15T17:44:01","date_gmt":"2024-05-15T20:44:01","guid":{"rendered":"https:\/\/secyt.unf.edu.ar\/?p=2290"},"modified":"2024-05-15T17:49:11","modified_gmt":"2024-05-15T20:49:11","slug":"destacan-la-puesta-en-marcha-del-consejo-consultivo-en-el-ambito-de-la-secyt-unaf","status":"publish","type":"post","link":"https:\/\/secyt.unf.edu.ar\/?p=2290","title":{"rendered":"Destacan la puesta en marcha del Consejo Consultivo en el \u00e1mbito de la SECyT UNaF"},"content":{"rendered":"\n<p><strong><em>El Honorable Consejo Superior de la Universidad Nacional de Formosa cre\u00f3 \u2013 mediante Resoluci\u00f3n N\u00b0 204\/2023- el Consejo Consultivo de Investigaci\u00f3n Cient\u00edfica y Tecnol\u00f3gica como \u00f3rgano central en la ejecuci\u00f3n de las pol\u00edticas cient\u00edficas, t\u00e9cnicas y de innovaci\u00f3n con asiento funcional en el \u00e1mbito de la SECyT UNaF<\/em><\/strong><\/p>\n\n\n\n<figure class=\"wp-block-gallery has-nested-images columns-default is-cropped wp-block-gallery-1 is-layout-flex wp-block-gallery-is-layout-flex\"><div class=\"wp-block-image\">\n<figure class=\"aligncenter size-full\"><a href=\"https:\/\/secyt.unf.edu.ar\/wp-content\/uploads\/2024\/05\/Consejo-Superior.jpg\"><img loading=\"lazy\" decoding=\"async\" width=\"600\" height=\"450\" data-id=\"2293\" src=\"https:\/\/secyt.unf.edu.ar\/wp-content\/uploads\/2024\/05\/Consejo-Superior.jpg\" alt=\"\" class=\"wp-image-2293\" srcset=\"https:\/\/secyt.unf.edu.ar\/wp-content\/uploads\/2024\/05\/Consejo-Superior.jpg 600w, https:\/\/secyt.unf.edu.ar\/wp-content\/uploads\/2024\/05\/Consejo-Superior-300x225.jpg 300w, https:\/\/secyt.unf.edu.ar\/wp-content\/uploads\/2024\/05\/Consejo-Superior-268x200.jpg 268w\" sizes=\"(max-width: 600px) 100vw, 600px\" \/><\/a><\/figure><\/div><\/figure>\n\n\n\n<p>As\u00ed lo anunci\u00f3 el secretario general de Ciencia y Tecnolog\u00eda, Juan Patricio Nogueira, tras ser notificado por la Prosecretar\u00eda del Cuerpo colegiado sobre la puesta en vigencia del nuevo texto normativo que reemplaza al que fuera aprobado oportunamente por la Resoluci\u00f3n HCS N\u00b0 017\/02 y de su modificatoria: la Resoluci\u00f3n HCS N\u00b0 082\/02.<\/p>\n\n\n\n<p>Precis\u00f3 que \u201cel reglamento aprobado tambi\u00e9n por el mismo instrumento legal contempla la reubicaci\u00f3n y naturaleza funcional del Consejo Consultivo de Investigaci\u00f3n Cient\u00edfica y Tecnol\u00f3gica, as\u00ed como su integraci\u00f3n, autoridades y atribuciones, adem\u00e1s de sus misiones y funciones\u201d.<\/p>\n\n\n\n<p>\u201cEn cuanto a su conformaci\u00f3n- coment\u00f3 \u2013 que estar\u00e1 integrado por el Secretario o Secretaria General de Ciencia y Tecnolog\u00eda, el Coordinador o la Coordinadora de Proyectos Especiales y los Decanos y Secretarios de Ciencia y Tecnolog\u00eda de las distintas Unidades Acad\u00e9micas. Por otra parte, se sumar\u00e1n dos investigadores (uno titular y otro suplente) por Facultad designados por el Rector a propuesta de la Secretar\u00eda General de Ciencia y Tecnolog\u00eda. Tambi\u00e9n podr\u00e1n participar invitados especiales en car\u00e1cter de observadores\u201d.<\/p>\n\n\n\n<p>Detall\u00f3 que \u201cla Mesa Directiva tendr\u00e1 como m\u00e1ximas autoridades: un\/a Presidente y un\/a Secretario\/a, recayendo la Presidencia en el o la titular de la SECyT UNaF, mientras que la Secretar\u00eda quedar\u00e1 a cargo de quien elijan los miembros del Consejo\u201d.<\/p>\n\n\n\n<p>Con respecto a las funciones del flamante \u00f3rgano consultivo, Nogueira destac\u00f3 las siguientes: elaborar las pol\u00edticas y el marco general de la investigaci\u00f3n cient\u00edfica y tecnol\u00f3gica de la UNaF; priorizar los proyectos integrales, interdisciplinarios e interinstitucionales \u2013 tanto nacionales como internacionales- que respondan a la problem\u00e1tica de la provincia y la regi\u00f3n; fomentar actividades peri\u00f3dicas de formaci\u00f3n continua, analizar la factibilidad de financiamiento de proyectos de investigaci\u00f3n conforme a la disponibilidad presupuestaria o de otros fondos, conformar otras comisiones de asesoramiento en caso de ser necesario y asesorar sobre la contrataci\u00f3n de cient\u00edficos nacionales y extranjeros para investigar en el \u00e1mbito de nuestra Universidad.<\/p>\n\n\n\n<p>Finalmente, el doctor Nogueira consider\u00f3 como \u201cun gran logro para la gesti\u00f3n del Rector Augusto Parmetler la inminente puesta en marcha del Consejo Consultivo de Investigaci\u00f3n Cient\u00edfica y Tecnol\u00f3gica en orden a los desaf\u00edos y objetivos institucionales que nos hemos planteado- desde la SECyT UNaF- para fortalecer la actividad investigativa y contribuir a mejorar la calidad acad\u00e9mica\u201d<\/p>\n","protected":false},"excerpt":{"rendered":"<p>El Honorable Consejo Superior de la Universidad Nacional de Formosa cre\u00f3 \u2013 mediante Resoluci\u00f3n N\u00b0 204\/2023- el Consejo Consultivo de Investigaci\u00f3n Cient\u00edfica y Tecnol\u00f3gica como \u00f3rgano central en la ejecuci\u00f3n de las pol\u00edticas cient\u00edficas, t\u00e9cnicas y de innovaci\u00f3n con asiento funcional en el \u00e1mbito de la SECyT UNaF As\u00ed lo &#8230;<\/p>\n","protected":false},"author":2,"featured_media":2293,"comment_status":"open","ping_status":"open","sticky":false,"template":"","format":"image","meta":{"footnotes":""},"categories":[5],"tags":[],"_links":{"self":[{"href":"https:\/\/secyt.unf.edu.ar\/index.php?rest_route=\/wp\/v2\/posts\/2290"}],"collection":[{"href":"https:\/\/secyt.unf.edu.ar\/index.php?rest_route=\/wp\/v2\/posts"}],"about":[{"href":"https:\/\/secyt.unf.edu.ar\/index.php?rest_route=\/wp\/v2\/types\/post"}],"author":[{"embeddable":true,"href":"https:\/\/secyt.unf.edu.ar\/index.php?rest_route=\/wp\/v2\/users\/2"}],"replies":[{"embeddable":true,"href":"https:\/\/secyt.unf.edu.ar\/index.php?rest_route=%2Fwp%2Fv2%2Fcomments&post=2290"}],"version-history":[{"count":5,"href":"https:\/\/secyt.unf.edu.ar\/index.php?rest_route=\/wp\/v2\/posts\/2290\/revisions"}],"predecessor-version":[{"id":2297,"href":"https:\/\/secyt.unf.edu.ar\/index.php?rest_route=\/wp\/v2\/posts\/2290\/revisions\/2297"}],"wp:featuredmedia":[{"embeddable":true,"href":"https:\/\/secyt.unf.edu.ar\/index.php?rest_route=\/wp\/v2\/media\/2293"}],"wp:attachment":[{"href":"https:\/\/secyt.unf.edu.ar\/index.php?rest_route=%2Fwp%2Fv2%2Fmedia&parent=2290"}],"wp:term":[{"taxonomy":"category","embeddable":true,"href":"https:\/\/secyt.unf.edu.ar\/index.php?rest_route=%2Fwp%2Fv2%2Fcategories&post=2290"},{"taxonomy":"post_tag","embeddable":true,"href":"https:\/\/secyt.unf.edu.ar\/index.php?rest_route=%2Fwp%2Fv2%2Ftags&post=2290"}],"curies":[{"name":"wp","href":"https:\/\/api.w.org\/{rel}","templated":true}]}}