{"id":2373,"date":"2025-04-07T17:54:34","date_gmt":"2025-04-07T20:54:34","guid":{"rendered":"https:\/\/secyt.unf.edu.ar\/?p=2373"},"modified":"2025-04-07T18:05:16","modified_gmt":"2025-04-07T21:05:16","slug":"el-doctor-juan-patricio-nogueira-diserto-en-congreso-internacional-de-endocrinologia","status":"publish","type":"post","link":"https:\/\/secyt.unf.edu.ar\/?p=2373","title":{"rendered":"Secretario General de Ciencia y Tecnolog\u00eda de la UNaF disert\u00f3 en congreso  internacional de endocrinolog\u00eda"},"content":{"rendered":"\n<p><strong><em>El titular de la SECyT UNaF Juan Patricio Nogueira particip\u00f3 recientemente del 18\u00b0 Endo Congress en la ciudad colombiana de &nbsp;Medell\u00edn.<\/em><\/strong><\/p>\n\n\n\n<figure class=\"wp-block-image size-full is-resized\"><a href=\"https:\/\/secyt.unf.edu.ar\/wp-content\/uploads\/2025\/04\/juan-1.png\"><img loading=\"lazy\" decoding=\"async\" width=\"552\" height=\"644\" src=\"https:\/\/secyt.unf.edu.ar\/wp-content\/uploads\/2025\/04\/juan-1.png\" alt=\"\" class=\"wp-image-2374\" style=\"width:841px;height:auto\" srcset=\"https:\/\/secyt.unf.edu.ar\/wp-content\/uploads\/2025\/04\/juan-1.png 552w, https:\/\/secyt.unf.edu.ar\/wp-content\/uploads\/2025\/04\/juan-1-257x300.png 257w\" sizes=\"(max-width: 552px) 100vw, 552px\" \/><\/a><\/figure>\n\n\n\n<p>Bajo el lema \u201cFomentando la innovaci\u00f3n y la excelencia acad\u00e9mica desde la ciudad de la eterna primavera\u201d, el evento se realiz\u00f3 entre el 3 y el 6 de abril con la organizaci\u00f3n de la Asociaci\u00f3n Colombiana de Endocrinolog\u00eda, Diabetes y Metabolismo<\/p>\n\n\n\n<p>El reconocido endocrin\u00f3logo formose\u00f1o brind\u00f3 una conferencia en torno al tema \u201cHipertrigliceridemia: enfoque y manejo\u201d, siendo uno de los expertos internacionales, entre los que se destacaron: Michael McClung (USA), Michael Tuttle (USA), Ralph DeFronzo (USA), &nbsp;Camilo Jim\u00e9nez (USA) Y Salvatore Benvenga (Italia).<\/p>\n\n\n\n<p><strong>\u00bfQu\u00e9 es la Hipertrigliceridemia?<\/strong><strong><\/strong><\/p>\n\n\n\n<p>La hipertrigliceridemia es una condici\u00f3n m\u00e9dica en la que los niveles de trigliceridos en la sangre est\u00e1n elevados.&nbsp;Los triglic\u00e9ridos son un tipo de grasa que el cuerpo usa como fuente de energ\u00eda .Las causas m\u00e1s frecuentes son el sobrepeso-obesidad, el exceso de alcohol, una dieta elevada en hidratos de carbono (60% o m\u00e1s de las calor\u00edas totales) especialmente si son refinados y la inactividad f\u00edsica. Sin embargo, tambi\u00e9n pueden estar elevados por causas gen\u00e9ticas.<\/p>\n\n\n\n<figure class=\"wp-block-image size-large\"><a href=\"https:\/\/secyt.unf.edu.ar\/wp-content\/uploads\/2025\/04\/WhatsApp-Image-2025-04-05-at-2.25.30-PM.jpeg\"><img loading=\"lazy\" decoding=\"async\" width=\"1024\" height=\"768\" src=\"https:\/\/secyt.unf.edu.ar\/wp-content\/uploads\/2025\/04\/WhatsApp-Image-2025-04-05-at-2.25.30-PM-1024x768.jpeg\" alt=\"\" class=\"wp-image-2375\" srcset=\"https:\/\/secyt.unf.edu.ar\/wp-content\/uploads\/2025\/04\/WhatsApp-Image-2025-04-05-at-2.25.30-PM-1024x768.jpeg 1024w, https:\/\/secyt.unf.edu.ar\/wp-content\/uploads\/2025\/04\/WhatsApp-Image-2025-04-05-at-2.25.30-PM-300x225.jpeg 300w, https:\/\/secyt.unf.edu.ar\/wp-content\/uploads\/2025\/04\/WhatsApp-Image-2025-04-05-at-2.25.30-PM-768x576.jpeg 768w, https:\/\/secyt.unf.edu.ar\/wp-content\/uploads\/2025\/04\/WhatsApp-Image-2025-04-05-at-2.25.30-PM-1536x1152.jpeg 1536w, https:\/\/secyt.unf.edu.ar\/wp-content\/uploads\/2025\/04\/WhatsApp-Image-2025-04-05-at-2.25.30-PM-268x200.jpeg 268w, https:\/\/secyt.unf.edu.ar\/wp-content\/uploads\/2025\/04\/WhatsApp-Image-2025-04-05-at-2.25.30-PM-700x525.jpeg 700w, https:\/\/secyt.unf.edu.ar\/wp-content\/uploads\/2025\/04\/WhatsApp-Image-2025-04-05-at-2.25.30-PM.jpeg 1600w\" sizes=\"(max-width: 1024px) 100vw, 1024px\" \/><\/a><\/figure>\n\n\n\n<p><strong>Trayectoria internacional<\/strong><\/p>\n\n\n\n<p>Juan Patricio Nogueira es Doctor en Medicina, especialista en Endocrinolog\u00eda, Diabetes y Metabolismo por la Universidad Nacional de C\u00f3rdoba. Fue presidente de la Sociedad Argentina de L\u00edpidos. Actualmente, es Investigador Adjunto del CONICET y docente de la Facultad de Ciencias de la Salud de la Universidad Nacional de Formosa, donde se desempe\u00f1a como profesor asociado. Es miembro de la Red Iberoamericana de hipercolesterolemia Familiar, Doctor en Ciencias en Nutrici\u00f3n Humana por la Aix-Marseille University, Universit\u00e9 de la M\u00e9diterran\u00e9e, siendo sus temas de especialidad: Relaci\u00f3n fenotipo &#8211; genotipo y espectro de variantes gen\u00e9ticas en pacientes con Hipertrigliceridemia Severa en la poblaci\u00f3n argentina<\/p>\n\n\n\n<p>Recientemente, estuvo form\u00e1ndose en la t\u00e9cnica de Clamp en el Departamento de H\u00edgado graso y Diabetes, dependiente del Instituto de Investigaciones Cl\u00ednicas de la Universidad de Florida (USA), bajo la direcci\u00f3n del Profesor Keneth Cusi.<\/p>\n\n\n\n<p>Actualmente se desempe\u00f1a como secretario general de Ciencia y Tecnolog\u00eda de la Universidad Nacional de Formosa, adem\u00e1s de presidir la Federaci\u00f3n Argentina de Sociedades de Endocrinolog\u00eda (FASEN).<\/p>\n","protected":false},"excerpt":{"rendered":"<p>El titular de la SECyT UNaF Juan Patricio Nogueira particip\u00f3 recientemente del 18\u00b0 Endo Congress en la ciudad colombiana de &nbsp;Medell\u00edn. Bajo el lema \u201cFomentando la innovaci\u00f3n y la excelencia acad\u00e9mica desde la ciudad de la eterna primavera\u201d, el evento se realiz\u00f3 entre el 3 y el 6 de abril &#8230;<\/p>\n","protected":false},"author":2,"featured_media":2374,"comment_status":"open","ping_status":"open","sticky":false,"template":"","format":"image","meta":{"footnotes":""},"categories":[5],"tags":[],"_links":{"self":[{"href":"https:\/\/secyt.unf.edu.ar\/index.php?rest_route=\/wp\/v2\/posts\/2373"}],"collection":[{"href":"https:\/\/secyt.unf.edu.ar\/index.php?rest_route=\/wp\/v2\/posts"}],"about":[{"href":"https:\/\/secyt.unf.edu.ar\/index.php?rest_route=\/wp\/v2\/types\/post"}],"author":[{"embeddable":true,"href":"https:\/\/secyt.unf.edu.ar\/index.php?rest_route=\/wp\/v2\/users\/2"}],"replies":[{"embeddable":true,"href":"https:\/\/secyt.unf.edu.ar\/index.php?rest_route=%2Fwp%2Fv2%2Fcomments&post=2373"}],"version-history":[{"count":11,"href":"https:\/\/secyt.unf.edu.ar\/index.php?rest_route=\/wp\/v2\/posts\/2373\/revisions"}],"predecessor-version":[{"id":2386,"href":"https:\/\/secyt.unf.edu.ar\/index.php?rest_route=\/wp\/v2\/posts\/2373\/revisions\/2386"}],"wp:featuredmedia":[{"embeddable":true,"href":"https:\/\/secyt.unf.edu.ar\/index.php?rest_route=\/wp\/v2\/media\/2374"}],"wp:attachment":[{"href":"https:\/\/secyt.unf.edu.ar\/index.php?rest_route=%2Fwp%2Fv2%2Fmedia&parent=2373"}],"wp:term":[{"taxonomy":"category","embeddable":true,"href":"https:\/\/secyt.unf.edu.ar\/index.php?rest_route=%2Fwp%2Fv2%2Fcategories&post=2373"},{"taxonomy":"post_tag","embeddable":true,"href":"https:\/\/secyt.unf.edu.ar\/index.php?rest_route=%2Fwp%2Fv2%2Ftags&post=2373"}],"curies":[{"name":"wp","href":"https:\/\/api.w.org\/{rel}","templated":true}]}}