{"id":2394,"date":"2025-06-18T18:13:07","date_gmt":"2025-06-18T21:13:07","guid":{"rendered":"https:\/\/secyt.unf.edu.ar\/?p=2394"},"modified":"2025-06-18T18:13:07","modified_gmt":"2025-06-18T21:13:07","slug":"mendoza-investigador-de-la-unaf-diserto-en-eventos-cientificos","status":"publish","type":"post","link":"https:\/\/secyt.unf.edu.ar\/?p=2394","title":{"rendered":"Mendoza: investigador de la UNaF disert\u00f3 en eventos cient\u00edficos"},"content":{"rendered":"\n<p><strong><em>El renombrado endocrin\u00f3logo formose\u00f1o, Juan Patricio Nogueira, quien conduce la Secretar\u00eda General de Ciencia y Tecnolog\u00eda de la Universidad Nacional de Formosa, tuvo a su cargo recientemente una exitosa disertaci\u00f3n en el Hospital Central de la capital mendocina<\/em><\/strong>.<\/p>\n\n\n\n<figure class=\"wp-block-image size-large\"><a href=\"https:\/\/secyt.unf.edu.ar\/wp-content\/uploads\/2025\/06\/WhatsApp-Image-2025-06-18-at-5.41.40-PM.jpeg\"><img loading=\"lazy\" decoding=\"async\" width=\"1024\" height=\"768\" src=\"https:\/\/secyt.unf.edu.ar\/wp-content\/uploads\/2025\/06\/WhatsApp-Image-2025-06-18-at-5.41.40-PM-1024x768.jpeg\" alt=\"\" class=\"wp-image-2395\" srcset=\"https:\/\/secyt.unf.edu.ar\/wp-content\/uploads\/2025\/06\/WhatsApp-Image-2025-06-18-at-5.41.40-PM-1024x768.jpeg 1024w, https:\/\/secyt.unf.edu.ar\/wp-content\/uploads\/2025\/06\/WhatsApp-Image-2025-06-18-at-5.41.40-PM-300x225.jpeg 300w, https:\/\/secyt.unf.edu.ar\/wp-content\/uploads\/2025\/06\/WhatsApp-Image-2025-06-18-at-5.41.40-PM-768x576.jpeg 768w, https:\/\/secyt.unf.edu.ar\/wp-content\/uploads\/2025\/06\/WhatsApp-Image-2025-06-18-at-5.41.40-PM-268x200.jpeg 268w, https:\/\/secyt.unf.edu.ar\/wp-content\/uploads\/2025\/06\/WhatsApp-Image-2025-06-18-at-5.41.40-PM-700x525.jpeg 700w, https:\/\/secyt.unf.edu.ar\/wp-content\/uploads\/2025\/06\/WhatsApp-Image-2025-06-18-at-5.41.40-PM.jpeg 1280w\" sizes=\"(max-width: 1024px) 100vw, 1024px\" \/><\/a><\/figure>\n\n\n\n<p>Bajo el t\u00edtulo \u201cComprendiendo al paciente dislipid\u00e9mico\u201d, el especialista abord\u00f3 los siguientes temas: \u201cHipercolestoremias graves: foco en la hipercolesterolemia familiar\u201d; \u201cHipertrigliceridemias graves: foco en la FCS\u201d y \u201cManejo de la dislipemia en el paciente con diabetes\u201d<br>Nogueira explic\u00f3 que \u201cla dislipemia o dislipidemia es la alteraci\u00f3n en los niveles de l\u00edpidos (grasas) en sangre (fundamentalmente colesterol y triglic\u00e9ridos). El exceso de colesterol en sangre produce la acumulaci\u00f3n del mismo dentro de las arterias, fen\u00f3meno que se conoce como ateroesclerosis. Vale destacar adem\u00e1s que la dislipidemia es una caracter\u00edstica com\u00fan de la diabetes . Existe una asociaci\u00f3n entre la enfermedad cardiovascular ateroscler\u00f3tica y los niveles s\u00e9ricos de colesterol y triglic\u00e9ridos tanto en la diabetes tipo 1 como en la tipo 2\u201d<br>\u201cSe trata de una condici\u00f3n que puede tener consecuencias graves para la salud, puesto que se asocia a patolog\u00edas graves y degenerativas como: hipertensi\u00f3n, diabetes mellitus y diversas enfermedades cardiovasculares, como el infarto agudo de miocardio\u201d, advirti\u00f3.<br>El investigador de la UNaF resalt\u00f3 que \u201cel manejo de la dislipemia en pacientes con diabetes requiere un enfoque integral que incluye cambios en el estilo de vida, como dieta y ejercicio, y, en algunos casos, tratamiento farmacol\u00f3gico con estatinas u otros medicamentos para reducir los niveles de colesterol LDL y triglic\u00e9ridos. El objetivo principal es reducir el riesgo de enfermedades cardiovasculares\u201d<\/p>\n\n\n\n<figure class=\"wp-block-image size-full\"><a href=\"https:\/\/secyt.unf.edu.ar\/wp-content\/uploads\/2025\/06\/06-1-678x381-1.jpg\"><img loading=\"lazy\" decoding=\"async\" width=\"678\" height=\"381\" src=\"https:\/\/secyt.unf.edu.ar\/wp-content\/uploads\/2025\/06\/06-1-678x381-1.jpg\" alt=\"\" class=\"wp-image-2396\" srcset=\"https:\/\/secyt.unf.edu.ar\/wp-content\/uploads\/2025\/06\/06-1-678x381-1.jpg 678w, https:\/\/secyt.unf.edu.ar\/wp-content\/uploads\/2025\/06\/06-1-678x381-1-300x169.jpg 300w\" sizes=\"(max-width: 678px) 100vw, 678px\" \/><\/a><\/figure>\n\n\n\n<p>Congreso Nacional<br>de Cardiolog\u00eda<\/p>\n\n\n\n<p>En su car\u00e1cter de presidente de la Federaci\u00f3n Argentina de Sociedades de Endocrinolog\u00eda (FASEN), el doctor Juan Patricio Nogueira expuso en el XLI Congreso Nacional de Cardiolog\u00eda que tuvo lugar tambi\u00e9n en Mendoza. Lo hizo acompa\u00f1ado por la doctora Melania Paj\u00f3n, miembro del Departamento de Diabetes de FASEN.<br>Ambos participaron activamente en el espacio conjunto Federaci\u00f3n Argentina de Cardiolog\u00eda (FAC) \u2013 FASEN: Interacci\u00f3n Endocrino-Vascular. Entre los temas que abordaron se destacan los siguientes: predictores metab\u00f3licos de riesgo cardiovascular, nuevas metas terap\u00e9uticas en pacientes cardio-metab\u00f3licos y el rol del h\u00edgado graso en diabetes tipo 2.<\/p>\n","protected":false},"excerpt":{"rendered":"<p>El renombrado endocrin\u00f3logo formose\u00f1o, Juan Patricio Nogueira, quien conduce la Secretar\u00eda General de Ciencia y Tecnolog\u00eda de la Universidad Nacional de Formosa, tuvo a su cargo recientemente una exitosa disertaci\u00f3n en el Hospital Central de la capital mendocina. Bajo el t\u00edtulo \u201cComprendiendo al paciente dislipid\u00e9mico\u201d, el especialista abord\u00f3 los siguientes &#8230;<\/p>\n","protected":false},"author":2,"featured_media":2395,"comment_status":"open","ping_status":"open","sticky":false,"template":"","format":"image","meta":{"footnotes":""},"categories":[5],"tags":[],"_links":{"self":[{"href":"https:\/\/secyt.unf.edu.ar\/index.php?rest_route=\/wp\/v2\/posts\/2394"}],"collection":[{"href":"https:\/\/secyt.unf.edu.ar\/index.php?rest_route=\/wp\/v2\/posts"}],"about":[{"href":"https:\/\/secyt.unf.edu.ar\/index.php?rest_route=\/wp\/v2\/types\/post"}],"author":[{"embeddable":true,"href":"https:\/\/secyt.unf.edu.ar\/index.php?rest_route=\/wp\/v2\/users\/2"}],"replies":[{"embeddable":true,"href":"https:\/\/secyt.unf.edu.ar\/index.php?rest_route=%2Fwp%2Fv2%2Fcomments&post=2394"}],"version-history":[{"count":1,"href":"https:\/\/secyt.unf.edu.ar\/index.php?rest_route=\/wp\/v2\/posts\/2394\/revisions"}],"predecessor-version":[{"id":2397,"href":"https:\/\/secyt.unf.edu.ar\/index.php?rest_route=\/wp\/v2\/posts\/2394\/revisions\/2397"}],"wp:featuredmedia":[{"embeddable":true,"href":"https:\/\/secyt.unf.edu.ar\/index.php?rest_route=\/wp\/v2\/media\/2395"}],"wp:attachment":[{"href":"https:\/\/secyt.unf.edu.ar\/index.php?rest_route=%2Fwp%2Fv2%2Fmedia&parent=2394"}],"wp:term":[{"taxonomy":"category","embeddable":true,"href":"https:\/\/secyt.unf.edu.ar\/index.php?rest_route=%2Fwp%2Fv2%2Fcategories&post=2394"},{"taxonomy":"post_tag","embeddable":true,"href":"https:\/\/secyt.unf.edu.ar\/index.php?rest_route=%2Fwp%2Fv2%2Ftags&post=2394"}],"curies":[{"name":"wp","href":"https:\/\/api.w.org\/{rel}","templated":true}]}}