{"id":2419,"date":"2025-10-01T17:55:53","date_gmt":"2025-10-01T20:55:53","guid":{"rendered":"https:\/\/secyt.unf.edu.ar\/?p=2419"},"modified":"2025-10-01T18:01:23","modified_gmt":"2025-10-01T21:01:23","slug":"el-rector-parmetler-designo-al-doctor-rene-ruiz-como-nuevo-titular-de-la-secyt-unaf","status":"publish","type":"post","link":"https:\/\/secyt.unf.edu.ar\/?p=2419","title":{"rendered":"El Rector Augusto Parmetler design\u00f3  al  Dr. Ren\u00e9 Ruiz como  Secretario General  de Ciencia y Tecnolog\u00eda de la UNaF"},"content":{"rendered":"\n<p><strong>El rector de la Universidad Nacional de Formosa, Augusto Parmetler puso en funciones como secretario general de Ciencia y Tecnolog\u00eda al doctor Ren\u00e9 Ruiz, durante un sencillo acto  realizado el mi\u00e9rcoles 1 de octubre  a la ma\u00f1ana, con la presencia de autoridades e investigadores de nuestra Casa de Altos Estudios<\/strong>.<\/p>\n\n\n\n<figure class=\"wp-block-image size-full is-resized\"><a href=\"https:\/\/secyt.unf.edu.ar\/wp-content\/uploads\/2025\/10\/Rector-y-Rene-1.jpeg\"><img loading=\"lazy\" decoding=\"async\" width=\"844\" height=\"692\" src=\"https:\/\/secyt.unf.edu.ar\/wp-content\/uploads\/2025\/10\/Rector-y-Rene-1.jpeg\" alt=\"\" class=\"wp-image-2421\" style=\"width:496px;height:auto\" srcset=\"https:\/\/secyt.unf.edu.ar\/wp-content\/uploads\/2025\/10\/Rector-y-Rene-1.jpeg 844w, https:\/\/secyt.unf.edu.ar\/wp-content\/uploads\/2025\/10\/Rector-y-Rene-1-300x246.jpeg 300w, https:\/\/secyt.unf.edu.ar\/wp-content\/uploads\/2025\/10\/Rector-y-Rene-1-768x630.jpeg 768w, https:\/\/secyt.unf.edu.ar\/wp-content\/uploads\/2025\/10\/Rector-y-Rene-1-700x574.jpeg 700w\" sizes=\"(max-width: 844px) 100vw, 844px\" \/><\/a><\/figure>\n\n\n\n<p>Parmetler coment\u00f3 que \u201cqueremos conformar un equipo que se pueda fortalecer desde las unidades acad\u00e9micas en cuanto a producci\u00f3n de investigaciones y la calidad de las mismas, para lo cual estamos elaborando un plan con el flamante secretario\u201d.<\/p>\n\n\n\n<p>\u201cEste proceso comienza hoy y creemos que el Dr. Ruiz es la persona adecuada, basados en su capacidad y en lo que mostr\u00f3 a partir de su trabajo en equipo. Buscamos que esta etapa signifique una integraci\u00f3n real de los investigadores, y se produzca el debate necesario para que la investigaci\u00f3n crezca en la UNaF\u201d.<\/p>\n\n\n\n<figure class=\"wp-block-image size-large is-resized\"><a href=\"https:\/\/secyt.unf.edu.ar\/wp-content\/uploads\/2025\/10\/autoridades-scaled.jpeg\"><img loading=\"lazy\" decoding=\"async\" width=\"1024\" height=\"768\" src=\"https:\/\/secyt.unf.edu.ar\/wp-content\/uploads\/2025\/10\/autoridades-1024x768.jpeg\" alt=\"\" class=\"wp-image-2422\" style=\"width:527px;height:auto\" srcset=\"https:\/\/secyt.unf.edu.ar\/wp-content\/uploads\/2025\/10\/autoridades-1024x768.jpeg 1024w, https:\/\/secyt.unf.edu.ar\/wp-content\/uploads\/2025\/10\/autoridades-300x225.jpeg 300w, https:\/\/secyt.unf.edu.ar\/wp-content\/uploads\/2025\/10\/autoridades-768x576.jpeg 768w, https:\/\/secyt.unf.edu.ar\/wp-content\/uploads\/2025\/10\/autoridades-1536x1152.jpeg 1536w, https:\/\/secyt.unf.edu.ar\/wp-content\/uploads\/2025\/10\/autoridades-2048x1536.jpeg 2048w, https:\/\/secyt.unf.edu.ar\/wp-content\/uploads\/2025\/10\/autoridades-268x200.jpeg 268w, https:\/\/secyt.unf.edu.ar\/wp-content\/uploads\/2025\/10\/autoridades-700x525.jpeg 700w\" sizes=\"(max-width: 1024px) 100vw, 1024px\" \/><\/a><\/figure>\n\n\n\n<p>El Dr. Ruiz remarc\u00f3 que \u201cla investigaci\u00f3n es un pilar fundamental de la universidad, teniendo en cuenta que a partir de las indicaciones del rector, tenemos varias l\u00edneas de acci\u00f3n para potenciar este nuevo desaf\u00edo\u201d.<\/p>\n\n\n\n<p>\u201cNuestro principal objetivo es fomentar la investigaci\u00f3n cient\u00edfica y el desarrollo tecnol\u00f3gico que tienen lugar en nuestra casa de estudios. Para ello, estuvimos charlando con el rector Parmetler acerca de algunas acciones que implican potenciar los proyectos de investigaci\u00f3n que est\u00e1n acreditados en esta secretar\u00eda\u201d.<\/p>\n\n\n\n<p>\u201cAdem\u00e1s, tenemos la meta de incentivar a nuevos investigadores que presenten proyectos para emprender este desaf\u00edo. Tambi\u00e9n estaremos dando a conocer el reconocimiento de los grupos de investigaci\u00f3n de la universidad, que fue un logro muy importante, ya que particip\u00f3 un gran n\u00famero de docentes investigadores y equipos de todas las unidades acad\u00e9micas\u201d.<\/p>\n\n\n\n<figure class=\"wp-block-image size-large is-resized\"><a href=\"https:\/\/secyt.unf.edu.ar\/wp-content\/uploads\/2025\/10\/Rene-y-elena-scaled.jpeg\"><img loading=\"lazy\" decoding=\"async\" width=\"744\" height=\"1024\" src=\"https:\/\/secyt.unf.edu.ar\/wp-content\/uploads\/2025\/10\/Rene-y-elena-744x1024.jpeg\" alt=\"\" class=\"wp-image-2423\" style=\"width:333px;height:auto\" srcset=\"https:\/\/secyt.unf.edu.ar\/wp-content\/uploads\/2025\/10\/Rene-y-elena-744x1024.jpeg 744w, https:\/\/secyt.unf.edu.ar\/wp-content\/uploads\/2025\/10\/Rene-y-elena-218x300.jpeg 218w, https:\/\/secyt.unf.edu.ar\/wp-content\/uploads\/2025\/10\/Rene-y-elena-768x1057.jpeg 768w, https:\/\/secyt.unf.edu.ar\/wp-content\/uploads\/2025\/10\/Rene-y-elena-1116x1536.jpeg 1116w, https:\/\/secyt.unf.edu.ar\/wp-content\/uploads\/2025\/10\/Rene-y-elena-1488x2048.jpeg 1488w, https:\/\/secyt.unf.edu.ar\/wp-content\/uploads\/2025\/10\/Rene-y-elena-700x964.jpeg 700w, https:\/\/secyt.unf.edu.ar\/wp-content\/uploads\/2025\/10\/Rene-y-elena-scaled.jpeg 1860w\" sizes=\"(max-width: 744px) 100vw, 744px\" \/><\/a><\/figure>\n\n\n\n<p>Por \u00faltimo, el funcionario agreg\u00f3 que \u201cvamos a lanzar una convocatoria a presentar nuevos proyectos de investigaci\u00f3n, con lo que buscamos que nuevos docentes investigadores se animen a presentar sus proyectos para implementarlos en la \u00f3rbita de la Secretar\u00eda General\u201d.<\/p>\n\n\n\n<figure class=\"wp-block-image size-full is-resized\"><a href=\"https:\/\/secyt.unf.edu.ar\/wp-content\/uploads\/2025\/10\/rene.jpg\"><img loading=\"lazy\" decoding=\"async\" width=\"660\" height=\"880\" src=\"https:\/\/secyt.unf.edu.ar\/wp-content\/uploads\/2025\/10\/rene.jpg\" alt=\"\" class=\"wp-image-2424\" style=\"width:368px;height:auto\" srcset=\"https:\/\/secyt.unf.edu.ar\/wp-content\/uploads\/2025\/10\/rene.jpg 660w, https:\/\/secyt.unf.edu.ar\/wp-content\/uploads\/2025\/10\/rene-225x300.jpg 225w\" sizes=\"(max-width: 660px) 100vw, 660px\" \/><\/a><\/figure>\n\n\n\n<p><strong>Ren\u00e9 Arnaldo Ruiz: <\/strong>Doctor de la Universidad Nacional del Nordeste en Geograf\u00eda \u2013 Egresado de la Facultad de Humanidades-UNNE. Profesor y Licenciado en Geograf\u00eda, Especialista en Docencia Universitaria, egresado de la Facultad de Humanidades de la Universidad Nacional de Formosa. Diplomado en Sistemas de Informaci\u00f3n Geogr\u00e1fica &#8211; UNNE. Capacitaci\u00f3n en Gesti\u00f3n de revistas cient\u00edficas con Open Journal System (OJS).\u00a0 Actividad Docente: Profesor Adjunto en las C\u00e1tedras de T\u00e9cnicas en Geograf\u00eda I y Geograf\u00eda Argentina, y Jefe de Trabajos Pr\u00e1cticos en la C\u00e1tedra Geograf\u00eda de Am\u00e9rica de la Carrera del Profesorado y Licenciatura en Geograf\u00eda de la Facultad de Humanidades-UNaF.<\/p>\n\n\n\n<p>Docente \u2013 Investigador Categor\u00eda V y Codirigiendo Proyectos de Investigaci\u00f3n. Participa en jornadas, congresos presentando los resultados de las investigaciones y tambi\u00e9n publicando en revistas indexadas. Ex Director de Proyectos de Investigaci\u00f3n en la Secretar\u00eda General de Ciencia y Tecnolog\u00eda \u2013 UNaF. Vicedirector de la Revista SENDEROS \u201cInvestigaci\u00f3n en Ciencias Sociales, Humanas y Estudios Territoriales\u201d. Actualmente\u00a0 es\u00a0 Secretario General\u00a0 de Ciencia y Tecnolog\u00eda\u00a0 de la\u00a0 Universidad Nacional\u00a0 de Formosa.<\/p>\n\n\n\n<p><\/p>\n","protected":false},"excerpt":{"rendered":"<p>El rector de la Universidad Nacional de Formosa, Augusto Parmetler puso en funciones como secretario general de Ciencia y Tecnolog\u00eda al doctor Ren\u00e9 Ruiz, durante un sencillo acto realizado el mi\u00e9rcoles 1 de octubre a la ma\u00f1ana, con la presencia de autoridades e investigadores de nuestra Casa de Altos Estudios. &#8230;<\/p>\n","protected":false},"author":2,"featured_media":2421,"comment_status":"open","ping_status":"open","sticky":false,"template":"","format":"image","meta":{"footnotes":""},"categories":[5],"tags":[],"_links":{"self":[{"href":"https:\/\/secyt.unf.edu.ar\/index.php?rest_route=\/wp\/v2\/posts\/2419"}],"collection":[{"href":"https:\/\/secyt.unf.edu.ar\/index.php?rest_route=\/wp\/v2\/posts"}],"about":[{"href":"https:\/\/secyt.unf.edu.ar\/index.php?rest_route=\/wp\/v2\/types\/post"}],"author":[{"embeddable":true,"href":"https:\/\/secyt.unf.edu.ar\/index.php?rest_route=\/wp\/v2\/users\/2"}],"replies":[{"embeddable":true,"href":"https:\/\/secyt.unf.edu.ar\/index.php?rest_route=%2Fwp%2Fv2%2Fcomments&post=2419"}],"version-history":[{"count":5,"href":"https:\/\/secyt.unf.edu.ar\/index.php?rest_route=\/wp\/v2\/posts\/2419\/revisions"}],"predecessor-version":[{"id":2427,"href":"https:\/\/secyt.unf.edu.ar\/index.php?rest_route=\/wp\/v2\/posts\/2419\/revisions\/2427"}],"wp:featuredmedia":[{"embeddable":true,"href":"https:\/\/secyt.unf.edu.ar\/index.php?rest_route=\/wp\/v2\/media\/2421"}],"wp:attachment":[{"href":"https:\/\/secyt.unf.edu.ar\/index.php?rest_route=%2Fwp%2Fv2%2Fmedia&parent=2419"}],"wp:term":[{"taxonomy":"category","embeddable":true,"href":"https:\/\/secyt.unf.edu.ar\/index.php?rest_route=%2Fwp%2Fv2%2Fcategories&post=2419"},{"taxonomy":"post_tag","embeddable":true,"href":"https:\/\/secyt.unf.edu.ar\/index.php?rest_route=%2Fwp%2Fv2%2Ftags&post=2419"}],"curies":[{"name":"wp","href":"https:\/\/api.w.org\/{rel}","templated":true}]}}