{"id":2452,"date":"2025-11-17T11:01:12","date_gmt":"2025-11-17T14:01:12","guid":{"rendered":"https:\/\/secyt.unf.edu.ar\/?p=2452"},"modified":"2026-02-25T17:17:30","modified_gmt":"2026-02-25T20:17:30","slug":"la-unaf-dio-inicio-a-las-xxviii-jornadas-de-ciencia-y-tecnologia","status":"publish","type":"post","link":"https:\/\/secyt.unf.edu.ar\/?p=2452","title":{"rendered":"Con gran \u00e9xito se desarrollaron las XXVIII Jornadas de Ciencia y Tecnolog\u00eda de la UNaF"},"content":{"rendered":"\n<figure class=\"wp-block-image size-large\"><a href=\"https:\/\/secyt.unf.edu.ar\/wp-content\/uploads\/2025\/11\/WhatsApp-Image-2025-11-17-at-10.23.33-AM.jpeg\"><img loading=\"lazy\" decoding=\"async\" width=\"1024\" height=\"853\" src=\"https:\/\/secyt.unf.edu.ar\/wp-content\/uploads\/2025\/11\/WhatsApp-Image-2025-11-17-at-10.23.33-AM-1024x853.jpeg\" alt=\"\" class=\"wp-image-2455\" srcset=\"https:\/\/secyt.unf.edu.ar\/wp-content\/uploads\/2025\/11\/WhatsApp-Image-2025-11-17-at-10.23.33-AM-1024x853.jpeg 1024w, https:\/\/secyt.unf.edu.ar\/wp-content\/uploads\/2025\/11\/WhatsApp-Image-2025-11-17-at-10.23.33-AM-300x250.jpeg 300w, https:\/\/secyt.unf.edu.ar\/wp-content\/uploads\/2025\/11\/WhatsApp-Image-2025-11-17-at-10.23.33-AM-768x640.jpeg 768w, https:\/\/secyt.unf.edu.ar\/wp-content\/uploads\/2025\/11\/WhatsApp-Image-2025-11-17-at-10.23.33-AM-1536x1280.jpeg 1536w, https:\/\/secyt.unf.edu.ar\/wp-content\/uploads\/2025\/11\/WhatsApp-Image-2025-11-17-at-10.23.33-AM-700x583.jpeg 700w, https:\/\/secyt.unf.edu.ar\/wp-content\/uploads\/2025\/11\/WhatsApp-Image-2025-11-17-at-10.23.33-AM.jpeg 1600w\" sizes=\"(max-width: 1024px) 100vw, 1024px\" \/><\/a><\/figure>\n\n\n\n<p><\/p>\n\n\n\n<p>La Universidad Nacional de Formosa, a trav\u00e9s de la Secretar\u00eda General de Ciencia y Tecnolog\u00eda (SeCyT), organiz\u00f3  las XXVIII Jornadas de Ciencia y Tecnolog\u00eda. En el Microcine de la Biblioteca Central tuvo lugar el acto inaugural encabezado por el se\u00f1or Rector, el Esp. Augusto Parmetler, el se\u00f1or Vicerrector, el Dr. Emilio Grippaldi, el Secretario General de Ciencia y Tecnolog\u00eda, el Dr. Ren\u00e9 Arnaldo Ruiz, con la participaci\u00f3n de las autoridades de las distintas facultades y secretar\u00edas.<\/p>\n\n\n\n<p><br>Durante la apertura, el se\u00f1or Rector destac\u00f3 la masiva participaci\u00f3n y la gesti\u00f3n del reciente Secretario de SeCyT, quien, seg\u00fan sus palabras, en tan poco tiempo reorganiz\u00f3 la Secretaria d\u00e1ndole una mayor visibilidad y presencia en la comunidad universitaria. Asimismo, recalc\u00f3 la importancia de la creaci\u00f3n del conocimiento, que se genera desde cada aula hasta los laboratorios, como el pilar que sostiene la vida acad\u00e9mica: <strong>\u00abEn cada espacio late una convicci\u00f3n compartida, la ciencia y la tecnolog\u00eda son caminos para mejorar la vida de las personas y para construir un futuro juntos m\u00e1s libre y m\u00e1s humano.\u00bb<\/strong><br>Por su parte, el Dr. Ruiz destac\u00f3 este encuentro como un puente intergeneracional y colaborativo, donde los investigadores consolidados y nuevas vocaciones cient\u00edficas comparten experiencias, metodolog\u00edas y resultados, enriqueciendo as\u00ed la cultura cient\u00edfica de la Universidad. Agradeci\u00f3 especialmente a cada investigador, quienes hacen posible el desarrollo cient\u00edfico y  tecnol\u00f3gico, pilares fundamentales para fortalecer la soberan\u00eda del conocimiento y el progreso sustentable de nuestra regi\u00f3n y del pa\u00eds: <strong>\u00abCada una de las investigaciones aqu\u00ed presentadas representa un esfuerzo por comprender nuestra realidad, innovar en nuestras pr\u00e1cticas y aportar soluciones a los desaf\u00edos contempor\u00e1neos.\u00bb <\/strong><\/p>\n\n\n\n<p><br>Durante los d\u00edas 17 y 18 de noviembre se llevaron a cabo las exposiciones de trabajos de investigaci\u00f3n pertenecientes a diversas \u00e1reas del conocimiento: Ciencias Sociales, Humanas y Econ\u00f3micas; Ciencias Exactas y Naturales; Ciencias Biol\u00f3gicas y de la Salud; Ciencias Agrarias, Ingenier\u00eda y Materiales. <br>Estas jornadas reflejan el compromiso de la comunidad acad\u00e9mica con el desarrollo sostenible, la innovaci\u00f3n y la transferencia de conocimiento aline\u00e1ndose con el mandato institucional de la actual gesti\u00f3n como lo se\u00f1al\u00f3 el Rector: <br><strong>\u00abEn un mundo din\u00e1mico y desafiante, la ciencia contin\u00faa siendo una herramienta para comprender, para anticipar, para decidir, con autonom\u00eda, el rumbo que queremos seguir como sociedad.\u00bb<\/strong><\/p>\n\n\n\n<figure class=\"wp-block-image size-large\"><a href=\"https:\/\/secyt.unf.edu.ar\/wp-content\/uploads\/2025\/11\/WhatsApp-Image-2025-11-17-at-9.36.34-AM.jpeg\"><img loading=\"lazy\" decoding=\"async\" width=\"1024\" height=\"536\" src=\"https:\/\/secyt.unf.edu.ar\/wp-content\/uploads\/2025\/11\/WhatsApp-Image-2025-11-17-at-9.36.34-AM-1024x536.jpeg\" alt=\"\" class=\"wp-image-2456\" srcset=\"https:\/\/secyt.unf.edu.ar\/wp-content\/uploads\/2025\/11\/WhatsApp-Image-2025-11-17-at-9.36.34-AM-1024x536.jpeg 1024w, https:\/\/secyt.unf.edu.ar\/wp-content\/uploads\/2025\/11\/WhatsApp-Image-2025-11-17-at-9.36.34-AM-300x157.jpeg 300w, https:\/\/secyt.unf.edu.ar\/wp-content\/uploads\/2025\/11\/WhatsApp-Image-2025-11-17-at-9.36.34-AM-768x402.jpeg 768w, https:\/\/secyt.unf.edu.ar\/wp-content\/uploads\/2025\/11\/WhatsApp-Image-2025-11-17-at-9.36.34-AM-1536x804.jpeg 1536w, https:\/\/secyt.unf.edu.ar\/wp-content\/uploads\/2025\/11\/WhatsApp-Image-2025-11-17-at-9.36.34-AM-700x367.jpeg 700w, https:\/\/secyt.unf.edu.ar\/wp-content\/uploads\/2025\/11\/WhatsApp-Image-2025-11-17-at-9.36.34-AM.jpeg 1600w\" sizes=\"(max-width: 1024px) 100vw, 1024px\" \/><\/a><\/figure>\n","protected":false},"excerpt":{"rendered":"<p>La Universidad Nacional de Formosa, a trav\u00e9s de la Secretar\u00eda General de Ciencia y Tecnolog\u00eda (SeCyT), organiz\u00f3 las XXVIII Jornadas de Ciencia y Tecnolog\u00eda. En el Microcine de la Biblioteca Central tuvo lugar el acto inaugural encabezado por el se\u00f1or Rector, el Esp. Augusto Parmetler, el se\u00f1or Vicerrector, el Dr. &#8230;<\/p>\n","protected":false},"author":2,"featured_media":2455,"comment_status":"open","ping_status":"open","sticky":false,"template":"","format":"image","meta":{"footnotes":""},"categories":[5],"tags":[],"_links":{"self":[{"href":"https:\/\/secyt.unf.edu.ar\/index.php?rest_route=\/wp\/v2\/posts\/2452"}],"collection":[{"href":"https:\/\/secyt.unf.edu.ar\/index.php?rest_route=\/wp\/v2\/posts"}],"about":[{"href":"https:\/\/secyt.unf.edu.ar\/index.php?rest_route=\/wp\/v2\/types\/post"}],"author":[{"embeddable":true,"href":"https:\/\/secyt.unf.edu.ar\/index.php?rest_route=\/wp\/v2\/users\/2"}],"replies":[{"embeddable":true,"href":"https:\/\/secyt.unf.edu.ar\/index.php?rest_route=%2Fwp%2Fv2%2Fcomments&post=2452"}],"version-history":[{"count":5,"href":"https:\/\/secyt.unf.edu.ar\/index.php?rest_route=\/wp\/v2\/posts\/2452\/revisions"}],"predecessor-version":[{"id":2469,"href":"https:\/\/secyt.unf.edu.ar\/index.php?rest_route=\/wp\/v2\/posts\/2452\/revisions\/2469"}],"wp:featuredmedia":[{"embeddable":true,"href":"https:\/\/secyt.unf.edu.ar\/index.php?rest_route=\/wp\/v2\/media\/2455"}],"wp:attachment":[{"href":"https:\/\/secyt.unf.edu.ar\/index.php?rest_route=%2Fwp%2Fv2%2Fmedia&parent=2452"}],"wp:term":[{"taxonomy":"category","embeddable":true,"href":"https:\/\/secyt.unf.edu.ar\/index.php?rest_route=%2Fwp%2Fv2%2Fcategories&post=2452"},{"taxonomy":"post_tag","embeddable":true,"href":"https:\/\/secyt.unf.edu.ar\/index.php?rest_route=%2Fwp%2Fv2%2Ftags&post=2452"}],"curies":[{"name":"wp","href":"https:\/\/api.w.org\/{rel}","templated":true}]}}