{"id":2498,"date":"2026-03-11T18:42:05","date_gmt":"2026-03-11T21:42:05","guid":{"rendered":"https:\/\/secyt.unf.edu.ar\/?p=2498"},"modified":"2026-03-11T18:54:48","modified_gmt":"2026-03-11T21:54:48","slug":"unaf-el-6-de-abril-vence-el-plazo-conformar-grupos-de-investigacion","status":"publish","type":"post","link":"https:\/\/secyt.unf.edu.ar\/?p=2498","title":{"rendered":"UNaF: el 6 de abril vence el plazo para conformar grupos de investigaci\u00f3n"},"content":{"rendered":"\n<p><strong><em>La Secretar\u00eda General de Ciencia y Tecnolog\u00eda de la UNaF comunica que se encuentra abierta la convocatoria anual para nuevas presentaciones de grupos de investigaci\u00f3n en el \u00e1mbito de nuestra Casa de Altos Estudios.<\/em><\/strong><\/p>\n\n\n\n<figure class=\"wp-block-image size-full\"><a href=\"https:\/\/secyt.unf.edu.ar\/wp-content\/uploads\/2026\/03\/WhatsApp-Image-2026-03-06-at-11.41.23.jpeg\"><img loading=\"lazy\" decoding=\"async\" width=\"621\" height=\"863\" src=\"https:\/\/secyt.unf.edu.ar\/wp-content\/uploads\/2026\/03\/WhatsApp-Image-2026-03-06-at-11.41.23.jpeg\" alt=\"\" class=\"wp-image-2499\" srcset=\"https:\/\/secyt.unf.edu.ar\/wp-content\/uploads\/2026\/03\/WhatsApp-Image-2026-03-06-at-11.41.23.jpeg 621w, https:\/\/secyt.unf.edu.ar\/wp-content\/uploads\/2026\/03\/WhatsApp-Image-2026-03-06-at-11.41.23-216x300.jpeg 216w\" sizes=\"(max-width: 621px) 100vw, 621px\" \/><\/a><\/figure>\n\n\n\n<p>Para la presente edici\u00f3n, se han establecido dos categor\u00edas:<br>GRUPO EMERGENTE: grupo de reciente constituci\u00f3n, con un primer plan de trabajo en desarrollo.<br>GRUPO CONSOLIDADO: grupo con m\u00e1s de cuatro a\u00f1os de existencia, comprobables a trav\u00e9s del desarrollo satisfactorio de proyectos de investigaci\u00f3n acreditados y publicaciones con referato<br>En virtud de lo dispuesto por la Resoluci\u00f3n Rectoral N\u00b01161\/24, se inform\u00f3 que el plazo vence el pr\u00f3ximo 6 de abril, debiendo la documentaci\u00f3n presentarse formalmente por Mesa de Entradas y Salidas del Rectorado.<br>Dichos documentos en versi\u00f3n digital deben remitirse adem\u00e1s v\u00eda mail a las Unidades Acad\u00e9micas a las que pertenezcan los integrantes de los grupos correspondientes. Para ello, se habilitaron los siguientes correos electr\u00f3nicos: investigacionhumanidadesunaf@gmail.com (Facultad de Humanidades), dirposgradofaen@gmail.com y marianogomez2410@gmail.com (FAEN), investigacion@frn.edu.ar (Facultad de Recursos Naturales) y rrpodesta@hotmail.com (Facultad de Ciencias de la Salud).<br>El cronograma establece que los planes de investigaci\u00f3n presentados ser\u00e1n evaluados en el periodo 7 de abril a 7 de mayo, mientras que el proceso de reconocimiento abarcar\u00e1 desde el 8 de mayo hasta el 8 de junio, d\u00e1ndose a conocer la lista final aprobada antes del mes de julio.<br>Para m\u00e1s informaci\u00f3n, los interesados deben dirigirse a la p\u00e1gina web de la Secretar\u00eda General de Ciencia y Tecnolog\u00eda: <a href=\"https:\/\/www.secyt.unf.edu.ar\">www.secyt.unf.edu.ar<\/a><\/p>\n\n\n\n<p>Bases y reglamento:<br><a href=\"https:\/\/drive.google.com\/drive\/u\/0\/folders\/1mZ5O_J-dVVXk7l85o3BwhJykrdvO3OqA\">https:\/\/drive.google.com\/drive\/u\/0\/folders\/1mZ5O_J-dVVXk7l85o3BwhJykrdvO3OqA<\/a><\/p>\n","protected":false},"excerpt":{"rendered":"<p>La Secretar\u00eda General de Ciencia y Tecnolog\u00eda de la UNaF comunica que se encuentra abierta la convocatoria anual para nuevas presentaciones de grupos de investigaci\u00f3n en el \u00e1mbito de nuestra Casa de Altos Estudios. Para la presente edici\u00f3n, se han establecido dos categor\u00edas:GRUPO EMERGENTE: grupo de reciente constituci\u00f3n, con un &#8230;<\/p>\n","protected":false},"author":2,"featured_media":2499,"comment_status":"open","ping_status":"open","sticky":false,"template":"","format":"image","meta":{"footnotes":""},"categories":[5],"tags":[],"_links":{"self":[{"href":"https:\/\/secyt.unf.edu.ar\/index.php?rest_route=\/wp\/v2\/posts\/2498"}],"collection":[{"href":"https:\/\/secyt.unf.edu.ar\/index.php?rest_route=\/wp\/v2\/posts"}],"about":[{"href":"https:\/\/secyt.unf.edu.ar\/index.php?rest_route=\/wp\/v2\/types\/post"}],"author":[{"embeddable":true,"href":"https:\/\/secyt.unf.edu.ar\/index.php?rest_route=\/wp\/v2\/users\/2"}],"replies":[{"embeddable":true,"href":"https:\/\/secyt.unf.edu.ar\/index.php?rest_route=%2Fwp%2Fv2%2Fcomments&post=2498"}],"version-history":[{"count":2,"href":"https:\/\/secyt.unf.edu.ar\/index.php?rest_route=\/wp\/v2\/posts\/2498\/revisions"}],"predecessor-version":[{"id":2501,"href":"https:\/\/secyt.unf.edu.ar\/index.php?rest_route=\/wp\/v2\/posts\/2498\/revisions\/2501"}],"wp:featuredmedia":[{"embeddable":true,"href":"https:\/\/secyt.unf.edu.ar\/index.php?rest_route=\/wp\/v2\/media\/2499"}],"wp:attachment":[{"href":"https:\/\/secyt.unf.edu.ar\/index.php?rest_route=%2Fwp%2Fv2%2Fmedia&parent=2498"}],"wp:term":[{"taxonomy":"category","embeddable":true,"href":"https:\/\/secyt.unf.edu.ar\/index.php?rest_route=%2Fwp%2Fv2%2Fcategories&post=2498"},{"taxonomy":"post_tag","embeddable":true,"href":"https:\/\/secyt.unf.edu.ar\/index.php?rest_route=%2Fwp%2Fv2%2Ftags&post=2498"}],"curies":[{"name":"wp","href":"https:\/\/api.w.org\/{rel}","templated":true}]}}