{"id":2503,"date":"2026-03-12T17:29:40","date_gmt":"2026-03-12T20:29:40","guid":{"rendered":"https:\/\/secyt.unf.edu.ar\/?p=2503"},"modified":"2026-03-12T17:34:21","modified_gmt":"2026-03-12T20:34:21","slug":"ponen-en-marcha-programa-de-categorizacion-interna-para-docentes-investigadores-de-la-unaf","status":"publish","type":"post","link":"https:\/\/secyt.unf.edu.ar\/?p=2503","title":{"rendered":"Ponen en marcha Programa de Categorizaci\u00f3n Interna para Docentes Investigadores de la UNaF"},"content":{"rendered":"\n<p><strong><em>El rector de la Universidad Nacional de Formosa, Parmetler anunci\u00f3 la puesta en marcha del Programa de Categorizaci\u00f3n Interna de Docentes Investigadores de la Universidad Nacional de Formosa.<\/em><\/strong><\/p>\n\n\n\n<figure class=\"wp-block-image size-large\"><a href=\"https:\/\/secyt.unf.edu.ar\/wp-content\/uploads\/2026\/03\/FOTO-VIDA-ACADEMICA-UNAF-copia-Picsart-AiImageEnhancer.jpg\"><img loading=\"lazy\" decoding=\"async\" width=\"1024\" height=\"556\" src=\"https:\/\/secyt.unf.edu.ar\/wp-content\/uploads\/2026\/03\/FOTO-VIDA-ACADEMICA-UNAF-copia-Picsart-AiImageEnhancer-1024x556.jpg\" alt=\"\" class=\"wp-image-2504\" srcset=\"https:\/\/secyt.unf.edu.ar\/wp-content\/uploads\/2026\/03\/FOTO-VIDA-ACADEMICA-UNAF-copia-Picsart-AiImageEnhancer-1024x556.jpg 1024w, https:\/\/secyt.unf.edu.ar\/wp-content\/uploads\/2026\/03\/FOTO-VIDA-ACADEMICA-UNAF-copia-Picsart-AiImageEnhancer-300x163.jpg 300w, https:\/\/secyt.unf.edu.ar\/wp-content\/uploads\/2026\/03\/FOTO-VIDA-ACADEMICA-UNAF-copia-Picsart-AiImageEnhancer-768x417.jpg 768w, https:\/\/secyt.unf.edu.ar\/wp-content\/uploads\/2026\/03\/FOTO-VIDA-ACADEMICA-UNAF-copia-Picsart-AiImageEnhancer-700x380.jpg 700w, https:\/\/secyt.unf.edu.ar\/wp-content\/uploads\/2026\/03\/FOTO-VIDA-ACADEMICA-UNAF-copia-Picsart-AiImageEnhancer.jpg 1200w\" sizes=\"(max-width: 1024px) 100vw, 1024px\" \/><\/a><\/figure>\n\n\n\n<p>En ese sentido, el titular de la UNaF precis\u00f3 que \u201cpr\u00f3ximamente la Secretar\u00eda General de Ciencia y Tecnolog\u00eda (SeCyT) de la UNaF. comenzar\u00e1, a trav\u00e9s de una comisi\u00f3n evaluadora <em>ad hoc<\/em>, a evaluar y categorizar a los docentes que realizan actividades de investigaci\u00f3n cient\u00edfica y\/o tecnol\u00f3gica en el \u00e1mbito de nuestra Casa de Altos Estudios\u201d.<\/p>\n\n\n\n<p>Detall\u00f3 que \u201ceste programa aprobado por Resoluci\u00f3n HCS N\u00b0072\/25, permitir\u00e1 contar con una categor\u00eda en la Carrera de Investigador exclusivamente dentro del \u00e1mbito de la UNaF. Las categor\u00edas a la que puede postularse cada docente, ya sea para ingreso, permanencia o promoci\u00f3n, se identificar\u00e1n como I, II, III, IV y V\u201d.<\/p>\n\n\n\n<p>Parmetler aclar\u00f3 que \u201cel proceso de Categorizaci\u00f3n Interna de Docentes Investigadores realizado en la U.Na.F. no reemplaza al proceso de Categorizaci\u00f3n Nacional realizado en el marco del Programa de Incentivo a los Docentes Investigadores de Universidades Nacionales vigente (Decreto N\u00b0 2427\/93 y sus modificatorias) o el Programa para la Investigaci\u00f3n Universitaria Argentina (PRINUAR) o cualquier otro programa de categorizaci\u00f3n nacional que lo sustituya\u201d.<\/p>\n\n\n\n<p>\u201cLa categorizaci\u00f3n s\u00f3lo podr\u00e1 solicitarse durante los plazos establecidos para las convocatorias. Las mismas ser\u00e1n cada cuatro a\u00f1os, tanto para ingreso (solicitud de ingreso para cualquier categor\u00eda), promoci\u00f3n (para promover de una categor\u00eda a otra) y permanencia (mantenimiento de la categor\u00eda).\u201d, revel\u00f3.<\/p>\n\n\n\n<p>Finalmente, el Rector de la UNaF indic\u00f3 que &nbsp;\u201ca la brevedad, la SECyT establecer\u00e1 por disposici\u00f3n el cronograma de presentaci\u00f3n de solicitud de categorizaci\u00f3n, evaluaci\u00f3n, recusaci\u00f3n y resultados, que ser\u00e1n comunicados por las v\u00edas administrativas correspondientes y en la web\u201d.<\/p>\n\n\n\n<p><strong>Para descargar Resoluci\u00f3n HCS N\u00b0 0&#8217;72\/25 (incluye Reglamento del Programa de Categorizaci\u00f3n Interna): <\/strong><a href=\"https:\/\/drive.google.com\/file\/d\/1XZRUNNBHB7AKd7Afi2aLG--Mv7E6eABu\/view?usp=sharing\" data-type=\"link\" data-id=\"https:\/\/drive.google.com\/file\/d\/1XZRUNNBHB7AKd7Afi2aLG--Mv7E6eABu\/view?usp=sharing\">https:\/\/drive.google.com\/file\/d\/1XZRUNNBHB7AKd7Afi2aLG&#8211;Mv7E6eABu\/view?usp=sharing<\/a><\/p>\n","protected":false},"excerpt":{"rendered":"<p>El rector de la Universidad Nacional de Formosa, Parmetler anunci\u00f3 la puesta en marcha del Programa de Categorizaci\u00f3n Interna de Docentes Investigadores de la Universidad Nacional de Formosa. En ese sentido, el titular de la UNaF precis\u00f3 que \u201cpr\u00f3ximamente la Secretar\u00eda General de Ciencia y Tecnolog\u00eda (SeCyT) de la UNaF. &#8230;<\/p>\n","protected":false},"author":2,"featured_media":2504,"comment_status":"open","ping_status":"open","sticky":false,"template":"","format":"image","meta":{"footnotes":""},"categories":[5],"tags":[],"_links":{"self":[{"href":"https:\/\/secyt.unf.edu.ar\/index.php?rest_route=\/wp\/v2\/posts\/2503"}],"collection":[{"href":"https:\/\/secyt.unf.edu.ar\/index.php?rest_route=\/wp\/v2\/posts"}],"about":[{"href":"https:\/\/secyt.unf.edu.ar\/index.php?rest_route=\/wp\/v2\/types\/post"}],"author":[{"embeddable":true,"href":"https:\/\/secyt.unf.edu.ar\/index.php?rest_route=\/wp\/v2\/users\/2"}],"replies":[{"embeddable":true,"href":"https:\/\/secyt.unf.edu.ar\/index.php?rest_route=%2Fwp%2Fv2%2Fcomments&post=2503"}],"version-history":[{"count":3,"href":"https:\/\/secyt.unf.edu.ar\/index.php?rest_route=\/wp\/v2\/posts\/2503\/revisions"}],"predecessor-version":[{"id":2507,"href":"https:\/\/secyt.unf.edu.ar\/index.php?rest_route=\/wp\/v2\/posts\/2503\/revisions\/2507"}],"wp:featuredmedia":[{"embeddable":true,"href":"https:\/\/secyt.unf.edu.ar\/index.php?rest_route=\/wp\/v2\/media\/2504"}],"wp:attachment":[{"href":"https:\/\/secyt.unf.edu.ar\/index.php?rest_route=%2Fwp%2Fv2%2Fmedia&parent=2503"}],"wp:term":[{"taxonomy":"category","embeddable":true,"href":"https:\/\/secyt.unf.edu.ar\/index.php?rest_route=%2Fwp%2Fv2%2Fcategories&post=2503"},{"taxonomy":"post_tag","embeddable":true,"href":"https:\/\/secyt.unf.edu.ar\/index.php?rest_route=%2Fwp%2Fv2%2Ftags&post=2503"}],"curies":[{"name":"wp","href":"https:\/\/api.w.org\/{rel}","templated":true}]}}